{"id":2009,"date":"2022-07-11T20:27:00","date_gmt":"2022-07-11T20:27:00","guid":{"rendered":"https:\/\/mgc-transitarios.com\/?p=2009"},"modified":"2022-11-01T09:35:48","modified_gmt":"2022-11-01T09:35:48","slug":"projeto-logistico-no-ruanda-2","status":"publish","type":"post","link":"https:\/\/mgc-transitarios.com\/en_gb\/projeto-logistico-no-ruanda-2\/","title":{"rendered":"LOGISTICS PROJECT IN RWANDA"},"content":{"rendered":"<p>Between 2017 and 2020, MGC led a complex logistics project in Rwanda \u2013 adapting to the challenging conditions it encountered and helping its client with all the logistical planning.<\/p>\n\n\n\n<p>The success of this project was the culmination of rigorous planning, achieved with the high commitment of our entire team. We believe that it is in the \u201cdoor to door\u201d service in inhospitable locations that a freight forwarder can demonstrate its true value, connecting transport by sea, air or land and ensuring the correct functioning of all customs procedures.<\/p>\n\n\n\n<p>We thank our client for the trust in our service and our team that was excellent in its execution!<\/p>\n\n\n\n<p>Do you have a project in hand and need a quote?<br>Would you like to try our transport solutions?<\/p>\n\n\n\n<p>Contact us! Our team is versatile and will surely find the best solution for your business! While you are dedicated to your product, we take care of the logistics!<\/p>\n\n\n\n<p><\/p>\n\n\n\n<figure class=\"wp-block-embed is-type-wp-embed is-provider-supply-chain-magazine wp-block-embed-supply-chain-magazine\"><div class=\"wp-block-embed__wrapper\">\n<blockquote class=\"wp-embedded-content\" data-secret=\"JNVmQ8K3US\"><a href=\"https:\/\/www.supplychainmagazine.pt\/2020\/12\/07\/parceria-mgc-transitarios-efacec-leva-luz-ao-ruanda\/\">Parceria MGC Transit\u00e1rios\/Efacec leva luz ao Ruanda<\/a><\/blockquote><iframe loading=\"lazy\" class=\"wp-embedded-content\" sandbox=\"allow-scripts\" security=\"restricted\" style=\"position: absolute; clip: rect(1px, 1px, 1px, 1px);\" title=\"&#8220;Parceria MGC Transit\u00e1rios\/Efacec leva luz ao Ruanda&#8221; &#8212; Supply Chain Magazine\" src=\"https:\/\/www.supplychainmagazine.pt\/2020\/12\/07\/parceria-mgc-transitarios-efacec-leva-luz-ao-ruanda\/embed\/#?secret=nw8oyRUaFV#?secret=JNVmQ8K3US\" data-secret=\"JNVmQ8K3US\" width=\"600\" height=\"338\" frameborder=\"0\" marginwidth=\"0\" marginheight=\"0\" scrolling=\"no\"><\/iframe>\n<\/div><\/figure>","protected":false},"excerpt":{"rendered":"<p>Between 2017 and 2020, MGC led a complex logistics project in Rwanda \u2013 adapting to the challenging conditions it encountered and helping its client with all the logistical planning....<\/p>","protected":false},"author":1,"featured_media":1499,"comment_status":"closed","ping_status":"closed","sticky":false,"template":"","format":"standard","meta":{"_themeisle_gutenberg_block_has_review":false,"footnotes":""},"categories":[3,37],"tags":[],"class_list":["post-2009","post","type-post","status-publish","format-standard","has-post-thumbnail","hentry","category-logistica","category-ruanda"],"yoast_head":"<!-- This site is optimized with the Yoast SEO plugin v19.10 - https:\/\/yoast.com\/wordpress\/plugins\/seo\/ -->\n<title>PROJETO LOG\u00cdSTICO NO RUANDA - MGC<\/title>\n<meta name=\"robots\" content=\"index, follow, max-snippet:-1, max-image-preview:large, max-video-preview:-1\" \/>\n<link rel=\"canonical\" href=\"https:\/\/mgc-transitarios.com\/en_gb\/projeto-logistico-no-ruanda-2\/\" \/>\n<meta property=\"og:locale\" content=\"en_GB\" \/>\n<meta property=\"og:type\" content=\"article\" \/>\n<meta property=\"og:title\" content=\"PROJETO LOG\u00cdSTICO NO RUANDA - MGC\" \/>\n<meta property=\"og:description\" content=\"Entre 2017 e 2020, a MGC conduziu um complexo projecto log\u00edstico no Ruanda &#8211; adaptando-se \u00e0s desafiantes condi\u00e7\u00f5es que foi encontrando e ajudando seu cliente com todo o planeamento log\u00edstico. O sucesso deste...\" \/>\n<meta property=\"og:url\" content=\"https:\/\/mgc-transitarios.com\/en_gb\/projeto-logistico-no-ruanda-2\/\" \/>\n<meta property=\"og:site_name\" content=\"MGC\" \/>\n<meta property=\"article:published_time\" content=\"2022-07-11T20:27:00+00:00\" \/>\n<meta property=\"article:modified_time\" content=\"2022-11-01T09:35:48+00:00\" \/>\n<meta property=\"og:image\" content=\"https:\/\/mgc-transitarios.com\/wp-content\/uploads\/2022\/07\/Efacec.jpg\" \/>\n\t<meta property=\"og:image:width\" content=\"860\" \/>\n\t<meta property=\"og:image:height\" content=\"484\" \/>\n\t<meta property=\"og:image:type\" content=\"image\/jpeg\" \/>\n<meta name=\"author\" content=\"admin\" \/>\n<meta name=\"twitter:card\" content=\"summary_large_image\" \/>\n<meta name=\"twitter:label1\" content=\"Written by\" \/>\n\t<meta name=\"twitter:data1\" content=\"admin\" \/>\n\t<meta name=\"twitter:label2\" content=\"Estimated reading time\" \/>\n\t<meta name=\"twitter:data2\" content=\"1 minute\" \/>\n<script type=\"application\/ld+json\" class=\"yoast-schema-graph\">{\"@context\":\"https:\/\/schema.org\",\"@graph\":[{\"@type\":\"Article\",\"@id\":\"https:\/\/mgc-transitarios.com\/projeto-logistico-no-ruanda-2\/#article\",\"isPartOf\":{\"@id\":\"https:\/\/mgc-transitarios.com\/projeto-logistico-no-ruanda-2\/\"},\"author\":{\"name\":\"admin\",\"@id\":\"https:\/\/mgc-transitarios.com\/#\/schema\/person\/6a1aa9397d106d4fddde8272b8a6aa8c\"},\"headline\":\"PROJETO LOG\u00cdSTICO NO RUANDA\",\"datePublished\":\"2022-07-11T20:27:00+00:00\",\"dateModified\":\"2022-11-01T09:35:48+00:00\",\"mainEntityOfPage\":{\"@id\":\"https:\/\/mgc-transitarios.com\/projeto-logistico-no-ruanda-2\/\"},\"wordCount\":181,\"publisher\":{\"@id\":\"https:\/\/mgc-transitarios.com\/#organization\"},\"articleSection\":[\"Log\u00edstica\",\"Ruanda\"],\"inLanguage\":\"en-GB\"},{\"@type\":\"WebPage\",\"@id\":\"https:\/\/mgc-transitarios.com\/projeto-logistico-no-ruanda-2\/\",\"url\":\"https:\/\/mgc-transitarios.com\/projeto-logistico-no-ruanda-2\/\",\"name\":\"PROJETO LOG\u00cdSTICO NO RUANDA - MGC\",\"isPartOf\":{\"@id\":\"https:\/\/mgc-transitarios.com\/#website\"},\"datePublished\":\"2022-07-11T20:27:00+00:00\",\"dateModified\":\"2022-11-01T09:35:48+00:00\",\"breadcrumb\":{\"@id\":\"https:\/\/mgc-transitarios.com\/projeto-logistico-no-ruanda-2\/#breadcrumb\"},\"inLanguage\":\"en-GB\",\"potentialAction\":[{\"@type\":\"ReadAction\",\"target\":[\"https:\/\/mgc-transitarios.com\/projeto-logistico-no-ruanda-2\/\"]}]},{\"@type\":\"BreadcrumbList\",\"@id\":\"https:\/\/mgc-transitarios.com\/projeto-logistico-no-ruanda-2\/#breadcrumb\",\"itemListElement\":[{\"@type\":\"ListItem\",\"position\":1,\"name\":\"In\u00edcio\",\"item\":\"https:\/\/mgc-transitarios.com\/\"},{\"@type\":\"ListItem\",\"position\":2,\"name\":\"PROJETO LOG\u00cdSTICO NO RUANDA\"}]},{\"@type\":\"WebSite\",\"@id\":\"https:\/\/mgc-transitarios.com\/#website\",\"url\":\"https:\/\/mgc-transitarios.com\/\",\"name\":\"MGC Transit\u00e1rios\",\"description\":\"Transit\u00e1rios\",\"publisher\":{\"@id\":\"https:\/\/mgc-transitarios.com\/#organization\"},\"potentialAction\":[{\"@type\":\"SearchAction\",\"target\":{\"@type\":\"EntryPoint\",\"urlTemplate\":\"https:\/\/mgc-transitarios.com\/?s={search_term_string}\"},\"query-input\":\"required name=search_term_string\"}],\"inLanguage\":\"en-GB\"},{\"@type\":\"Organization\",\"@id\":\"https:\/\/mgc-transitarios.com\/#organization\",\"name\":\"MGC Transit\u00e1rios\",\"url\":\"https:\/\/mgc-transitarios.com\/\",\"logo\":{\"@type\":\"ImageObject\",\"inLanguage\":\"en-GB\",\"@id\":\"https:\/\/mgc-transitarios.com\/#\/schema\/logo\/image\/\",\"url\":\"https:\/\/mgc-transitarios.com\/wp-content\/uploads\/2022\/09\/logo.png\",\"contentUrl\":\"https:\/\/mgc-transitarios.com\/wp-content\/uploads\/2022\/09\/logo.png\",\"width\":2001,\"height\":595,\"caption\":\"MGC Transit\u00e1rios\"},\"image\":{\"@id\":\"https:\/\/mgc-transitarios.com\/#\/schema\/logo\/image\/\"},\"sameAs\":[\"https:\/\/www.linkedin.com\/company\/mgc-transitrios\/\"]},{\"@type\":\"Person\",\"@id\":\"https:\/\/mgc-transitarios.com\/#\/schema\/person\/6a1aa9397d106d4fddde8272b8a6aa8c\",\"name\":\"admin\",\"image\":{\"@type\":\"ImageObject\",\"inLanguage\":\"en-GB\",\"@id\":\"https:\/\/mgc-transitarios.com\/#\/schema\/person\/image\/\",\"url\":\"https:\/\/secure.gravatar.com\/avatar\/862c777e2b80e4aef73314a92cdb915de44381491962dd7b754abb2db02db3c9?s=96&d=mm&r=g\",\"contentUrl\":\"https:\/\/secure.gravatar.com\/avatar\/862c777e2b80e4aef73314a92cdb915de44381491962dd7b754abb2db02db3c9?s=96&d=mm&r=g\",\"caption\":\"admin\"},\"sameAs\":[\"https:\/\/mgc-transitarios.com\"]}]}<\/script>\n<!-- \/ Yoast SEO plugin. -->","yoast_head_json":{"title":"PROJETO LOG\u00cdSTICO NO RUANDA - MGC","robots":{"index":"index","follow":"follow","max-snippet":"max-snippet:-1","max-image-preview":"max-image-preview:large","max-video-preview":"max-video-preview:-1"},"canonical":"https:\/\/mgc-transitarios.com\/en_gb\/projeto-logistico-no-ruanda-2\/","og_locale":"en_GB","og_type":"article","og_title":"PROJETO LOG\u00cdSTICO NO RUANDA - MGC","og_description":"Entre 2017 e 2020, a MGC conduziu um complexo projecto log\u00edstico no Ruanda &#8211; adaptando-se \u00e0s desafiantes condi\u00e7\u00f5es que foi encontrando e ajudando seu cliente com todo o planeamento log\u00edstico. O sucesso deste...","og_url":"https:\/\/mgc-transitarios.com\/en_gb\/projeto-logistico-no-ruanda-2\/","og_site_name":"MGC","article_published_time":"2022-07-11T20:27:00+00:00","article_modified_time":"2022-11-01T09:35:48+00:00","og_image":[{"width":860,"height":484,"url":"https:\/\/mgc-transitarios.com\/wp-content\/uploads\/2022\/07\/Efacec.jpg","type":"image\/jpeg"}],"author":"admin","twitter_card":"summary_large_image","twitter_misc":{"Written by":"admin","Estimated reading time":"1 minute"},"schema":{"@context":"https:\/\/schema.org","@graph":[{"@type":"Article","@id":"https:\/\/mgc-transitarios.com\/projeto-logistico-no-ruanda-2\/#article","isPartOf":{"@id":"https:\/\/mgc-transitarios.com\/projeto-logistico-no-ruanda-2\/"},"author":{"name":"admin","@id":"https:\/\/mgc-transitarios.com\/#\/schema\/person\/6a1aa9397d106d4fddde8272b8a6aa8c"},"headline":"PROJETO LOG\u00cdSTICO NO RUANDA","datePublished":"2022-07-11T20:27:00+00:00","dateModified":"2022-11-01T09:35:48+00:00","mainEntityOfPage":{"@id":"https:\/\/mgc-transitarios.com\/projeto-logistico-no-ruanda-2\/"},"wordCount":181,"publisher":{"@id":"https:\/\/mgc-transitarios.com\/#organization"},"articleSection":["Log\u00edstica","Ruanda"],"inLanguage":"en-GB"},{"@type":"WebPage","@id":"https:\/\/mgc-transitarios.com\/projeto-logistico-no-ruanda-2\/","url":"https:\/\/mgc-transitarios.com\/projeto-logistico-no-ruanda-2\/","name":"PROJETO LOG\u00cdSTICO NO RUANDA - MGC","isPartOf":{"@id":"https:\/\/mgc-transitarios.com\/#website"},"datePublished":"2022-07-11T20:27:00+00:00","dateModified":"2022-11-01T09:35:48+00:00","breadcrumb":{"@id":"https:\/\/mgc-transitarios.com\/projeto-logistico-no-ruanda-2\/#breadcrumb"},"inLanguage":"en-GB","potentialAction":[{"@type":"ReadAction","target":["https:\/\/mgc-transitarios.com\/projeto-logistico-no-ruanda-2\/"]}]},{"@type":"BreadcrumbList","@id":"https:\/\/mgc-transitarios.com\/projeto-logistico-no-ruanda-2\/#breadcrumb","itemListElement":[{"@type":"ListItem","position":1,"name":"In\u00edcio","item":"https:\/\/mgc-transitarios.com\/"},{"@type":"ListItem","position":2,"name":"PROJETO LOG\u00cdSTICO NO RUANDA"}]},{"@type":"WebSite","@id":"https:\/\/mgc-transitarios.com\/#website","url":"https:\/\/mgc-transitarios.com\/","name":"MGC Transit\u00e1rios","description":"Transit\u00e1rios","publisher":{"@id":"https:\/\/mgc-transitarios.com\/#organization"},"potentialAction":[{"@type":"SearchAction","target":{"@type":"EntryPoint","urlTemplate":"https:\/\/mgc-transitarios.com\/?s={search_term_string}"},"query-input":"required name=search_term_string"}],"inLanguage":"en-GB"},{"@type":"Organization","@id":"https:\/\/mgc-transitarios.com\/#organization","name":"MGC Transit\u00e1rios","url":"https:\/\/mgc-transitarios.com\/","logo":{"@type":"ImageObject","inLanguage":"en-GB","@id":"https:\/\/mgc-transitarios.com\/#\/schema\/logo\/image\/","url":"https:\/\/mgc-transitarios.com\/wp-content\/uploads\/2022\/09\/logo.png","contentUrl":"https:\/\/mgc-transitarios.com\/wp-content\/uploads\/2022\/09\/logo.png","width":2001,"height":595,"caption":"MGC Transit\u00e1rios"},"image":{"@id":"https:\/\/mgc-transitarios.com\/#\/schema\/logo\/image\/"},"sameAs":["https:\/\/www.linkedin.com\/company\/mgc-transitrios\/"]},{"@type":"Person","@id":"https:\/\/mgc-transitarios.com\/#\/schema\/person\/6a1aa9397d106d4fddde8272b8a6aa8c","name":"admin","image":{"@type":"ImageObject","inLanguage":"en-GB","@id":"https:\/\/mgc-transitarios.com\/#\/schema\/person\/image\/","url":"https:\/\/secure.gravatar.com\/avatar\/862c777e2b80e4aef73314a92cdb915de44381491962dd7b754abb2db02db3c9?s=96&d=mm&r=g","contentUrl":"https:\/\/secure.gravatar.com\/avatar\/862c777e2b80e4aef73314a92cdb915de44381491962dd7b754abb2db02db3c9?s=96&d=mm&r=g","caption":"admin"},"sameAs":["https:\/\/mgc-transitarios.com"]}]}},"_links":{"self":[{"href":"https:\/\/mgc-transitarios.com\/en_gb\/wp-json\/wp\/v2\/posts\/2009","targetHints":{"allow":["GET"]}}],"collection":[{"href":"https:\/\/mgc-transitarios.com\/en_gb\/wp-json\/wp\/v2\/posts"}],"about":[{"href":"https:\/\/mgc-transitarios.com\/en_gb\/wp-json\/wp\/v2\/types\/post"}],"author":[{"embeddable":true,"href":"https:\/\/mgc-transitarios.com\/en_gb\/wp-json\/wp\/v2\/users\/1"}],"replies":[{"embeddable":true,"href":"https:\/\/mgc-transitarios.com\/en_gb\/wp-json\/wp\/v2\/comments?post=2009"}],"version-history":[{"count":1,"href":"https:\/\/mgc-transitarios.com\/en_gb\/wp-json\/wp\/v2\/posts\/2009\/revisions"}],"predecessor-version":[{"id":2011,"href":"https:\/\/mgc-transitarios.com\/en_gb\/wp-json\/wp\/v2\/posts\/2009\/revisions\/2011"}],"wp:featuredmedia":[{"embeddable":true,"href":"https:\/\/mgc-transitarios.com\/en_gb\/wp-json\/wp\/v2\/media\/1499"}],"wp:attachment":[{"href":"https:\/\/mgc-transitarios.com\/en_gb\/wp-json\/wp\/v2\/media?parent=2009"}],"wp:term":[{"taxonomy":"category","embeddable":true,"href":"https:\/\/mgc-transitarios.com\/en_gb\/wp-json\/wp\/v2\/categories?post=2009"},{"taxonomy":"post_tag","embeddable":true,"href":"https:\/\/mgc-transitarios.com\/en_gb\/wp-json\/wp\/v2\/tags?post=2009"}],"curies":[{"name":"wp","href":"https:\/\/api.w.org\/{rel}","templated":true}]}}